{"id":72,"date":"2024-01-24T20:58:31","date_gmt":"2024-01-24T20:58:31","guid":{"rendered":"https:\/\/colombiailustrada.com\/?p=72"},"modified":"2024-01-24T21:08:50","modified_gmt":"2024-01-24T21:08:50","slug":"72","status":"publish","type":"post","link":"https:\/\/colombiailustrada.com\/?p=72","title":{"rendered":"Grave emergencia ambiental en Bogot\u00e1 por incendios forestales"},"content":{"rendered":"<div class=\"boldgrid-section\">\n<div class=\"container\">\n<div class=\"row\">\n<div class=\"col-lg-12 col-md-12 col-xs-12 col-sm-12\">\n<section class=\"article-wrapper\">\n<article class=\"entry post-18068 post type-post status-publish format-standard has-post-thumbnail hentry category-actualidad category-gente last_archivepost\">\n<div class=\"entry-content\" itemprop=\"text\">\n<p class=\"\"><a href=\"https:\/\/bogotailustrada.com\/wp-content\/uploads\/2024\/01\/Grave-emergencia-en-Bogota-por-incendios-forestales-2.jpg\"><img fetchpriority=\"high\" decoding=\"async\" class=\"aligncenter size-full wp-image-18069\" src=\"https:\/\/bogotailustrada.com\/wp-content\/uploads\/2024\/01\/Grave-emergencia-en-Bogota-por-incendios-forestales-2.jpg\" sizes=\"(max-width: 741px) 100vw, 741px\" srcset=\"https:\/\/bogotailustrada.com\/wp-content\/uploads\/2024\/01\/Grave-emergencia-en-Bogota-por-incendios-forestales-2.jpg 741w, https:\/\/bogotailustrada.com\/wp-content\/uploads\/2024\/01\/Grave-emergencia-en-Bogota-por-incendios-forestales-2-300x155.jpg 300w, https:\/\/bogotailustrada.com\/wp-content\/uploads\/2024\/01\/Grave-emergencia-en-Bogota-por-incendios-forestales-2-570x295.jpg 570w, https:\/\/bogotailustrada.com\/wp-content\/uploads\/2024\/01\/Grave-emergencia-en-Bogota-por-incendios-forestales-2-701x363.jpg 701w\" alt=\"\" width=\"741\" height=\"384\"><\/a><\/p>\n<p class=\"\">Una grave emergencia ambiental sufre la Capital ante un incendio forestal que se presenta en los cerros orientales los cuales han destruido varias hect\u00e1reas de vegetaci\u00f3n nativa y matando la fauna silvestre que habita en ese ecosistema.<\/p>\n<p class=\"\">Alrededor de 200 personas trabajan en la zona afectada, tratando desde hace tres d\u00edas de apagar las llamas que se vienen esparciendo ayudadas por los fuertes vientos que caracteriza esta zona de los cerros capitalinos.<\/p>\n<p class=\"\">El cuerpo de Bomberos de las estaciones de Chapinero, Centro Hist\u00f3rico, Caobos, Suba, Kennedy, Bicentenario y Puente Aranda, est\u00e1n en la zona&nbsp;tratando de apagar el fuego. Asimismo, hay grupos especializados en incendios forestales, aeronaves no tripuladas y con apoyo de la brigada forestal, atienden la emergencia.<\/p>\n<p class=\"\"><a href=\"https:\/\/bogotailustrada.com\/wp-content\/uploads\/2024\/01\/Grave-emergencia-en-Bogota-por-incendios-forestales-3.jpg\"><img decoding=\"async\" class=\"aligncenter size-full wp-image-18070\" src=\"https:\/\/bogotailustrada.com\/wp-content\/uploads\/2024\/01\/Grave-emergencia-en-Bogota-por-incendios-forestales-3.jpg\" sizes=\"(max-width: 575px) 100vw, 575px\" srcset=\"https:\/\/bogotailustrada.com\/wp-content\/uploads\/2024\/01\/Grave-emergencia-en-Bogota-por-incendios-forestales-3.jpg 575w, https:\/\/bogotailustrada.com\/wp-content\/uploads\/2024\/01\/Grave-emergencia-en-Bogota-por-incendios-forestales-3-225x300.jpg 225w, https:\/\/bogotailustrada.com\/wp-content\/uploads\/2024\/01\/Grave-emergencia-en-Bogota-por-incendios-forestales-3-570x758.jpg 570w\" alt=\"\" width=\"575\" height=\"765\"><\/a><\/p>\n<p class=\"\">En la zona permanecen dos m\u00e1quinas extintoras, dos carrotanques y siete camionetas. Y&nbsp;se est\u00e1 llevando a cabo un sobrevuelo con drones para identificar los mapas de calor.<\/p>\n<p>Asimismo, hay personal de la secretar\u00eda de Movilidad, la Cruz Roja, Defensa Civil, Idiger, de la alcald\u00eda local de Chapinero, la CAR, PONALSAR, bomberos voluntarios, el Ejercito Nacional, el BIADE y la Secretar\u00eda de Salud.&nbsp;La Alcald\u00eda de Bogot\u00e1 instal\u00f3 un Puesto de Mando Unificado (PMU) para atender la emergencia.<\/p>\n<p>Por lo pronto,&nbsp;las autoridades no han confirmado las causas del incendio ni el n\u00famero de hect\u00e1reas afectadas.<\/p>\n<h3 class=\"\"><em><strong>GALERIA:<\/strong><\/em><\/h3>\n<p class=\"\"><a href=\"https:\/\/bogotailustrada.com\/wp-content\/uploads\/2024\/01\/Grave-emergencia-en-Bogota-por-incendios-forestales-5.jpg\"><img decoding=\"async\" class=\"aligncenter size-full wp-image-18077\" src=\"https:\/\/bogotailustrada.com\/wp-content\/uploads\/2024\/01\/Grave-emergencia-en-Bogota-por-incendios-forestales-5.jpg\" sizes=\"(max-width: 754px) 100vw, 754px\" srcset=\"https:\/\/bogotailustrada.com\/wp-content\/uploads\/2024\/01\/Grave-emergencia-en-Bogota-por-incendios-forestales-5.jpg 754w, https:\/\/bogotailustrada.com\/wp-content\/uploads\/2024\/01\/Grave-emergencia-en-Bogota-por-incendios-forestales-5-300x224.jpg 300w, https:\/\/bogotailustrada.com\/wp-content\/uploads\/2024\/01\/Grave-emergencia-en-Bogota-por-incendios-forestales-5-119x89.jpg 119w, https:\/\/bogotailustrada.com\/wp-content\/uploads\/2024\/01\/Grave-emergencia-en-Bogota-por-incendios-forestales-5-570x425.jpg 570w, https:\/\/bogotailustrada.com\/wp-content\/uploads\/2024\/01\/Grave-emergencia-en-Bogota-por-incendios-forestales-5-701x522.jpg 701w\" alt=\"\" width=\"754\" height=\"562\"><\/a><\/p>\n<p class=\"\"><a href=\"https:\/\/bogotailustrada.com\/wp-content\/uploads\/2024\/01\/Grave-emergencia-en-Bogota-por-incendios-forestales-1.jpg\"><img loading=\"lazy\" decoding=\"async\" class=\"aligncenter size-full wp-image-18072\" src=\"https:\/\/bogotailustrada.com\/wp-content\/uploads\/2024\/01\/Grave-emergencia-en-Bogota-por-incendios-forestales-1.jpg\" sizes=\"(max-width: 725px) 100vw, 725px\" srcset=\"https:\/\/bogotailustrada.com\/wp-content\/uploads\/2024\/01\/Grave-emergencia-en-Bogota-por-incendios-forestales-1.jpg 725w, https:\/\/bogotailustrada.com\/wp-content\/uploads\/2024\/01\/Grave-emergencia-en-Bogota-por-incendios-forestales-1-300x166.jpg 300w, https:\/\/bogotailustrada.com\/wp-content\/uploads\/2024\/01\/Grave-emergencia-en-Bogota-por-incendios-forestales-1-254x141.jpg 254w, https:\/\/bogotailustrada.com\/wp-content\/uploads\/2024\/01\/Grave-emergencia-en-Bogota-por-incendios-forestales-1-570x316.jpg 570w, https:\/\/bogotailustrada.com\/wp-content\/uploads\/2024\/01\/Grave-emergencia-en-Bogota-por-incendios-forestales-1-701x389.jpg 701w\" alt=\"\" width=\"725\" height=\"402\"><\/a><\/p>\n<p class=\"\"><a href=\"https:\/\/bogotailustrada.com\/wp-content\/uploads\/2024\/01\/Grave-emergencia-en-Bogota-por-incendios-forestales-4.jpg\"><img loading=\"lazy\" decoding=\"async\" class=\"aligncenter size-full wp-image-18071\" src=\"https:\/\/bogotailustrada.com\/wp-content\/uploads\/2024\/01\/Grave-emergencia-en-Bogota-por-incendios-forestales-4.jpg\" sizes=\"(max-width: 719px) 100vw, 719px\" srcset=\"https:\/\/bogotailustrada.com\/wp-content\/uploads\/2024\/01\/Grave-emergencia-en-Bogota-por-incendios-forestales-4.jpg 719w, https:\/\/bogotailustrada.com\/wp-content\/uploads\/2024\/01\/Grave-emergencia-en-Bogota-por-incendios-forestales-4-300x197.jpg 300w, https:\/\/bogotailustrada.com\/wp-content\/uploads\/2024\/01\/Grave-emergencia-en-Bogota-por-incendios-forestales-4-570x374.jpg 570w, https:\/\/bogotailustrada.com\/wp-content\/uploads\/2024\/01\/Grave-emergencia-en-Bogota-por-incendios-forestales-4-701x460.jpg 701w\" alt=\"\" width=\"719\" height=\"472\"><\/a><\/p>\n<\/div>\n<\/article>\n<\/section>\n<\/div>\n<\/div>\n<\/div>\n<\/div>\n","protected":false},"excerpt":{"rendered":"<p>Una grave emergencia ambiental sufre la Capital ante un incendio forestal que se presenta en los cerros orientales los cuales han destruido varias hect\u00e1reas de vegetaci\u00f3n nativa y matando la fauna silvestre que habita en ese ecosistema. Alrededor de 200 personas trabajan en la zona afectada, tratando desde hace tres d\u00edas de apagar las llamas [&hellip;]<\/p>\n","protected":false},"author":1,"featured_media":73,"comment_status":"closed","ping_status":"open","sticky":false,"template":"","format":"standard","meta":{"footnotes":""},"categories":[4],"tags":[],"class_list":["post-72","post","type-post","status-publish","format-standard","has-post-thumbnail","hentry","category-actualidad"],"_links":{"self":[{"href":"https:\/\/colombiailustrada.com\/index.php?rest_route=\/wp\/v2\/posts\/72","targetHints":{"allow":["GET"]}}],"collection":[{"href":"https:\/\/colombiailustrada.com\/index.php?rest_route=\/wp\/v2\/posts"}],"about":[{"href":"https:\/\/colombiailustrada.com\/index.php?rest_route=\/wp\/v2\/types\/post"}],"author":[{"embeddable":true,"href":"https:\/\/colombiailustrada.com\/index.php?rest_route=\/wp\/v2\/users\/1"}],"replies":[{"embeddable":true,"href":"https:\/\/colombiailustrada.com\/index.php?rest_route=%2Fwp%2Fv2%2Fcomments&post=72"}],"version-history":[{"count":5,"href":"https:\/\/colombiailustrada.com\/index.php?rest_route=\/wp\/v2\/posts\/72\/revisions"}],"predecessor-version":[{"id":80,"href":"https:\/\/colombiailustrada.com\/index.php?rest_route=\/wp\/v2\/posts\/72\/revisions\/80"}],"wp:featuredmedia":[{"embeddable":true,"href":"https:\/\/colombiailustrada.com\/index.php?rest_route=\/wp\/v2\/media\/73"}],"wp:attachment":[{"href":"https:\/\/colombiailustrada.com\/index.php?rest_route=%2Fwp%2Fv2%2Fmedia&parent=72"}],"wp:term":[{"taxonomy":"category","embeddable":true,"href":"https:\/\/colombiailustrada.com\/index.php?rest_route=%2Fwp%2Fv2%2Fcategories&post=72"},{"taxonomy":"post_tag","embeddable":true,"href":"https:\/\/colombiailustrada.com\/index.php?rest_route=%2Fwp%2Fv2%2Ftags&post=72"}],"curies":[{"name":"wp","href":"https:\/\/api.w.org\/{rel}","templated":true}]}}