{"id":354,"date":"2026-09-03T05:02:02","date_gmt":"2026-09-03T05:02:02","guid":{"rendered":"https:\/\/colombiailustrada.com\/?p=354"},"modified":"2026-09-03T05:02:30","modified_gmt":"2026-09-03T05:02:30","slug":"rock-al-parque-cumple-30-anos-con-mas-de-60-agrupaciones-en-bogota","status":"publish","type":"post","link":"https:\/\/colombiailustrada.com\/?p=354","title":{"rendered":"Rock al Parque cumple 30 a\u00f1os con m\u00e1s de 60 agrupaciones en Bogot\u00e1"},"content":{"rendered":"<p><strong><em>El festival se tomar\u00e1 el Parque Sim\u00f3n Bol\u00edvar los d\u00edas 10, 11 y 12 de octubre con artistas de Am\u00e9rica Latina, Europa, Estados Unidos y Jap\u00f3n.<\/em><\/strong><\/p>\n<p><img fetchpriority=\"high\" decoding=\"async\" class=\"aligncenter size-full wp-image-355\" src=\"https:\/\/colombiailustrada.com\/wp-content\/uploads\/2026\/09\/Rock-al-Parque-2026-12.jpg\" alt=\"\" width=\"802\" height=\"448\" srcset=\"https:\/\/colombiailustrada.com\/wp-content\/uploads\/2026\/09\/Rock-al-Parque-2026-12.jpg 802w, https:\/\/colombiailustrada.com\/wp-content\/uploads\/2026\/09\/Rock-al-Parque-2026-12-300x168.jpg 300w, https:\/\/colombiailustrada.com\/wp-content\/uploads\/2026\/09\/Rock-al-Parque-2026-12-768x429.jpg 768w\" sizes=\"(max-width: 802px) 100vw, 802px\" \/><\/p>\n<p><strong>Rock al Parque<\/strong> celebrar\u00e1 sus 30 a\u00f1os con una edici\u00f3n especial que reunir\u00e1 a m\u00e1s de 60 agrupaciones nacionales e internacionales en el Parque Sim\u00f3n Bol\u00edvar, durante los d\u00edas 10, 11 y 12 de octubre.<\/p>\n<p>La programaci\u00f3n conmemorativa combinar\u00e1 artistas de distintas generaciones, g\u00e9neros y procedencias, en una celebraci\u00f3n que busca recorrer parte de la historia del festival y, al mismo tiempo, presentar nuevas propuestas de la escena musical.<\/p>\n<p>El cartel internacional estar\u00e1 integrado por 34 agrupaciones provenientes de Europa, Am\u00e9rica y Asia, entre ellas <strong>Mon Laferte, Editors, Apocalyptica, Ministry, Rata Blanca, Ratones Paranoicos, Los Bunkers, Bandalos Chinos, Gondwana, Porter, Stratovarius<\/strong> y <strong>Tokyo Ska Paradise Orchestra<\/strong>.<\/p>\n<p><strong><em>Un festival marcado por la memoria<\/em><\/strong><\/p>\n<p><img decoding=\"async\" class=\"aligncenter size-full wp-image-357\" src=\"https:\/\/colombiailustrada.com\/wp-content\/uploads\/2026\/09\/Rock-al-Parque-2026-10.jpg\" alt=\"\" width=\"738\" height=\"558\" srcset=\"https:\/\/colombiailustrada.com\/wp-content\/uploads\/2026\/09\/Rock-al-Parque-2026-10.jpg 738w, https:\/\/colombiailustrada.com\/wp-content\/uploads\/2026\/09\/Rock-al-Parque-2026-10-300x227.jpg 300w\" sizes=\"(max-width: 738px) 100vw, 738px\" \/><\/p>\n<p>La edici\u00f3n de aniversario tendr\u00e1 un componente especial dedicado a la memoria de <strong>Rock al Parque<\/strong> y a los artistas que han contribuido a construir su historia.<\/p>\n<p>La agrupaci\u00f3n bogotana<strong> I.R.A.<\/strong> regresar\u00e1 al festival despu\u00e9s de cinco participaciones, mientras que <strong>Nadie<\/strong>, de Medell\u00edn, llegar\u00e1 a su cuarta aparici\u00f3n. Tambi\u00e9n estar\u00e1 <strong>Desorden P\u00fablico<\/strong>, que sumar\u00e1 su cuarta participaci\u00f3n y se consolidar\u00e1 como la banda venezolana con mayor presencia en la historia del festival.<\/p>\n<p>El aniversario tambi\u00e9n permitir\u00e1 conectar distintas generaciones de m\u00fasicos y escenas latinoamericanas. Los chilenos <strong>Los Tetas<\/strong>, primera banda de ese pa\u00eds en participar en Rock al Parque, estar\u00e1n presentes a trav\u00e9s de su legado, mientras que <strong>Claudio Narea<\/strong>, integrante hist\u00f3rico de <strong>Los Prisioneros<\/strong>, llegar\u00e1 desde Chile.<\/p>\n<p>A esta celebraci\u00f3n se suma el legado de <strong>Ser\u00fa Gir\u00e1n<\/strong>, representado por dos de sus integrantes hist\u00f3ricos: <strong>David Leb\u00f3n y Pedro Aznar<\/strong>.<\/p>\n<p><img decoding=\"async\" class=\"aligncenter size-full wp-image-359\" src=\"https:\/\/colombiailustrada.com\/wp-content\/uploads\/2026\/09\/Seru-Giran-Rock-al-Parque-2026-.jpg\" alt=\"\" width=\"714\" height=\"564\" srcset=\"https:\/\/colombiailustrada.com\/wp-content\/uploads\/2026\/09\/Seru-Giran-Rock-al-Parque-2026-.jpg 714w, https:\/\/colombiailustrada.com\/wp-content\/uploads\/2026\/09\/Seru-Giran-Rock-al-Parque-2026--300x237.jpg 300w\" sizes=\"(max-width: 714px) 100vw, 714px\" \/><\/p>\n<p><strong><em>Rock, metal, punk, ska y nuevas propuestas<\/em><\/strong><\/p>\n<p>La programaci\u00f3n recorrer\u00e1 diferentes vertientes de la m\u00fasica alternativa, con sonidos que van desde el rock y el metal hasta el punk, ska, indie, hardcore, reggae y funk.<\/p>\n<p>En el metal sobresalen agrupaciones como <strong>Apocalyptica, Ministry<\/strong> y <strong>Stratovarius<\/strong>. Por su parte, <strong>Editors, Porter<\/strong> y <strong>Bandalos Chinos<\/strong> aportar\u00e1n diferentes propuestas del rock alternativo.<\/p>\n<p>El punk y el ska estar\u00e1n representados por nombres como <strong>Desorden P\u00fablico, Trotsky Vengar\u00e1n<\/strong> y <strong>Tokyo Ska Paradise Orchestra<\/strong>, ampliando la diversidad sonora de la edici\u00f3n n\u00famero 30.<\/p>\n<p><strong><em>La escena colombiana tendr\u00e1 protagonismo<\/em><\/strong><\/p>\n<p><img loading=\"lazy\" decoding=\"async\" class=\"aligncenter size-full wp-image-358\" src=\"https:\/\/colombiailustrada.com\/wp-content\/uploads\/2026\/09\/Rock-al-Parque-2026-11.jpg\" alt=\"\" width=\"738\" height=\"486\" srcset=\"https:\/\/colombiailustrada.com\/wp-content\/uploads\/2026\/09\/Rock-al-Parque-2026-11.jpg 738w, https:\/\/colombiailustrada.com\/wp-content\/uploads\/2026\/09\/Rock-al-Parque-2026-11-300x198.jpg 300w\" sizes=\"(max-width: 738px) 100vw, 738px\" \/><\/p>\n<p>La m\u00fasica nacional tambi\u00e9n ocupar\u00e1 un lugar destacado dentro de la programaci\u00f3n. Entre los proyectos colombianos estar\u00e1n <strong>Esteman, I.R.A.<\/strong> y <strong>Nadie<\/strong>, mientras que la representaci\u00f3n distrital estar\u00e1 conformada por 26 agrupaciones seleccionadas mediante las becas LEP 30 a\u00f1os y Festival Rock al Parque 2026.<\/p>\n<p>Entre los proyectos bogotanos seleccionados se encuentran <strong>Perpetual Warfare, Skampida, Syracus\u00e6, La Monky Band, El Punto Ska, Lucio Feuillet, Lika Nova, V for Volume, Alto Grado, Boca de Serpiente, StayWay<\/strong> y <strong>Casi<\/strong>, entre otros.<\/p>\n<p>La selecci\u00f3n busca reflejar la diversidad de la escena musical de Bogot\u00e1, con proyectos que cuentan con diferentes niveles de trayectoria y propuestas que representan distintas generaciones y g\u00e9neros.<\/p>\n<p><strong><em>Rock al Parque tambi\u00e9n llegar\u00e1 a los barrios<\/em><\/strong><\/p>\n<p><img loading=\"lazy\" decoding=\"async\" class=\"aligncenter size-full wp-image-356\" src=\"https:\/\/colombiailustrada.com\/wp-content\/uploads\/2026\/09\/Rock-al-Parque-2026-13.jpg\" alt=\"\" width=\"574\" height=\"690\" srcset=\"https:\/\/colombiailustrada.com\/wp-content\/uploads\/2026\/09\/Rock-al-Parque-2026-13.jpg 574w, https:\/\/colombiailustrada.com\/wp-content\/uploads\/2026\/09\/Rock-al-Parque-2026-13-250x300.jpg 250w\" sizes=\"(max-width: 574px) 100vw, 574px\" \/><\/p>\n<p>La celebraci\u00f3n de los 30 a\u00f1os no se limitar\u00e1 a los tres d\u00edas de conciertos. Bajo el concepto <em><strong>\u201cRock al Parque: 30 a\u00f1os \/ Bogot\u00e1, ciudad Rock\u201d<\/strong><\/em>, el Instituto Distrital de las Artes, Idartes, desarrollar\u00e1 una agenda complementaria alrededor de la memoria, la circulaci\u00f3n y la formaci\u00f3n musical.<\/p>\n<p>Uno de los proyectos ser\u00e1 la publicaci\u00f3n del libro <strong>\u201cRock al Parque: 30 a\u00f1os. Bogot\u00e1 y las voces de la tras escena\u201d<\/strong>, escrito por la historiadora <strong>Tatiana Duplat<\/strong>. La obra reconstruye la historia del festival a partir de testimonios de t\u00e9cnicos, productores, equipos de trabajo y p\u00fablicos que han acompa\u00f1ado sus tres d\u00e9cadas de trayectoria.<\/p>\n<p>Tambi\u00e9n se desarrollar\u00e1 <strong><em>\u201cRock al Parque llega a tu barrio\u201d<\/em><\/strong>, una programaci\u00f3n de los Escenarios M\u00f3viles de Idartes que llevar\u00e1 conciertos y actividades musicales a diferentes localidades de Bogot\u00e1.<\/p>\n<p>La agenda conmemorativa incluir\u00e1 adem\u00e1s una exposici\u00f3n itinerante en la Red de Bibliotecas P\u00fablicas de Bogot\u00e1 y una muestra del Archivo de Bogot\u00e1 dedicada a los impactos socioculturales que ha generado el festival durante sus 30 a\u00f1os.<\/p>\n<p>Con esta programaci\u00f3n, Rock al Parque conmemora tres d\u00e9cadas como uno de los principales escenarios musicales de Bogot\u00e1, reuniendo artistas hist\u00f3ricos, nuevas agrupaciones y diferentes generaciones de p\u00fablicos.<\/p>\n<p>La celebraci\u00f3n busca no solo recordar la trayectoria del festival, sino tambi\u00e9n recuperar las historias que se han construido alrededor de sus escenarios y proyectar hacia el futuro uno de los eventos culturales m\u00e1s representativos de la capital colombiana.<\/p>\n","protected":false},"excerpt":{"rendered":"<p>El festival se tomar\u00e1 el Parque Sim\u00f3n Bol\u00edvar los d\u00edas 10, 11 y 12 de octubre con artistas de Am\u00e9rica Latina, Europa, Estados Unidos y Jap\u00f3n. Rock al Parque celebrar\u00e1 sus 30 a\u00f1os con una edici\u00f3n especial que reunir\u00e1 a m\u00e1s de 60 agrupaciones nacionales e internacionales en el Parque Sim\u00f3n Bol\u00edvar, durante los d\u00edas [&hellip;]<\/p>\n","protected":false},"author":1,"featured_media":355,"comment_status":"closed","ping_status":"open","sticky":false,"template":"","format":"standard","meta":{"_uag_custom_page_level_css":"","footnotes":""},"categories":[30],"tags":[],"class_list":["post-354","post","type-post","status-publish","format-standard","has-post-thumbnail","hentry","category-cultura"],"uagb_featured_image_src":{"full":["https:\/\/colombiailustrada.com\/wp-content\/uploads\/2026\/09\/Rock-al-Parque-2026-12.jpg",802,448,false],"thumbnail":["https:\/\/colombiailustrada.com\/wp-content\/uploads\/2026\/09\/Rock-al-Parque-2026-12-150x150.jpg",150,150,true],"medium":["https:\/\/colombiailustrada.com\/wp-content\/uploads\/2026\/09\/Rock-al-Parque-2026-12-300x168.jpg",300,168,true],"medium_large":["https:\/\/colombiailustrada.com\/wp-content\/uploads\/2026\/09\/Rock-al-Parque-2026-12-768x429.jpg",768,429,true],"large":["https:\/\/colombiailustrada.com\/wp-content\/uploads\/2026\/09\/Rock-al-Parque-2026-12.jpg",800,447,false],"1536x1536":["https:\/\/colombiailustrada.com\/wp-content\/uploads\/2026\/09\/Rock-al-Parque-2026-12.jpg",802,448,false],"2048x2048":["https:\/\/colombiailustrada.com\/wp-content\/uploads\/2026\/09\/Rock-al-Parque-2026-12.jpg",802,448,false]},"uagb_author_info":{"display_name":"ZUMAPAZ","author_link":"https:\/\/colombiailustrada.com\/?author=1"},"uagb_comment_info":0,"uagb_excerpt":"El festival se tomar\u00e1 el Parque Sim\u00f3n Bol\u00edvar los d\u00edas 10, 11 y 12 de octubre con artistas de Am\u00e9rica Latina, Europa, Estados Unidos y Jap\u00f3n. Rock al Parque celebrar\u00e1 sus 30 a\u00f1os con una edici\u00f3n especial que reunir\u00e1 a m\u00e1s de 60 agrupaciones nacionales e internacionales en el Parque Sim\u00f3n Bol\u00edvar, durante los d\u00edas&hellip;","_links":{"self":[{"href":"https:\/\/colombiailustrada.com\/index.php?rest_route=\/wp\/v2\/posts\/354","targetHints":{"allow":["GET"]}}],"collection":[{"href":"https:\/\/colombiailustrada.com\/index.php?rest_route=\/wp\/v2\/posts"}],"about":[{"href":"https:\/\/colombiailustrada.com\/index.php?rest_route=\/wp\/v2\/types\/post"}],"author":[{"embeddable":true,"href":"https:\/\/colombiailustrada.com\/index.php?rest_route=\/wp\/v2\/users\/1"}],"replies":[{"embeddable":true,"href":"https:\/\/colombiailustrada.com\/index.php?rest_route=%2Fwp%2Fv2%2Fcomments&post=354"}],"version-history":[{"count":3,"href":"https:\/\/colombiailustrada.com\/index.php?rest_route=\/wp\/v2\/posts\/354\/revisions"}],"predecessor-version":[{"id":362,"href":"https:\/\/colombiailustrada.com\/index.php?rest_route=\/wp\/v2\/posts\/354\/revisions\/362"}],"wp:featuredmedia":[{"embeddable":true,"href":"https:\/\/colombiailustrada.com\/index.php?rest_route=\/wp\/v2\/media\/355"}],"wp:attachment":[{"href":"https:\/\/colombiailustrada.com\/index.php?rest_route=%2Fwp%2Fv2%2Fmedia&parent=354"}],"wp:term":[{"taxonomy":"category","embeddable":true,"href":"https:\/\/colombiailustrada.com\/index.php?rest_route=%2Fwp%2Fv2%2Fcategories&post=354"},{"taxonomy":"post_tag","embeddable":true,"href":"https:\/\/colombiailustrada.com\/index.php?rest_route=%2Fwp%2Fv2%2Ftags&post=354"}],"curies":[{"name":"wp","href":"https:\/\/api.w.org\/{rel}","templated":true}]}}