{"id":345,"date":"2026-09-03T04:06:47","date_gmt":"2026-09-03T04:06:47","guid":{"rendered":"https:\/\/colombiailustrada.com\/?p=345"},"modified":"2026-09-03T04:07:25","modified_gmt":"2026-09-03T04:07:25","slug":"colombia-llega-al-festival-de-biarritz-con-cuatro-producciones-en-competencia","status":"publish","type":"post","link":"https:\/\/colombiailustrada.com\/?p=345","title":{"rendered":"Colombia llega al Festival de Biarritz con cuatro producciones en competencia"},"content":{"rendered":"<p><strong><em>El cine colombiano tendr\u00e1 presencia en las categor\u00edas de documentales y cortometrajes del Festival de Biarritz Am\u00e9rique Latine.<\/em><\/strong><\/p>\n<p><img fetchpriority=\"high\" decoding=\"async\" class=\"aligncenter size-full wp-image-346\" src=\"https:\/\/colombiailustrada.com\/wp-content\/uploads\/2026\/09\/Festival-de-Biarritz-Amerique-Latine.jpg\" alt=\"\" width=\"478\" height=\"475\" srcset=\"https:\/\/colombiailustrada.com\/wp-content\/uploads\/2026\/09\/Festival-de-Biarritz-Amerique-Latine.jpg 478w, https:\/\/colombiailustrada.com\/wp-content\/uploads\/2026\/09\/Festival-de-Biarritz-Amerique-Latine-300x298.jpg 300w, https:\/\/colombiailustrada.com\/wp-content\/uploads\/2026\/09\/Festival-de-Biarritz-Amerique-Latine-150x150.jpg 150w\" sizes=\"(max-width: 478px) 100vw, 478px\" \/><\/p>\n<p>Colombia tendr\u00e1 una destacada representaci\u00f3n en la edici\u00f3n 35 del <strong>Festival de Biarritz Am\u00e9rique Latine<\/strong>, uno de los principales escenarios para la promoci\u00f3n del cine y la cultura latinoamericana en Francia. Cuatro producciones con participaci\u00f3n colombiana fueron seleccionadas para las competencias oficiales de documentales y cortometrajes.<\/p>\n<p>En la categor\u00eda de Documentales participar\u00e1 <strong><em>En tierra<\/em><\/strong>, una coproducci\u00f3n entre Colombia y Francia <strong>escrita y dirigida por Sim\u00f3n Uribe Mart\u00ednez<\/strong>, con producci\u00f3n de Marcela Lizcano, Pierre-Emmanuel Urcun y Guillermo Quintero.<\/p>\n<p><img decoding=\"async\" class=\"aligncenter size-full wp-image-352\" src=\"https:\/\/colombiailustrada.com\/wp-content\/uploads\/2026\/09\/En-Tierra-documental-colombiano.jpg\" alt=\"\" width=\"492\" height=\"616\" srcset=\"https:\/\/colombiailustrada.com\/wp-content\/uploads\/2026\/09\/En-Tierra-documental-colombiano.jpg 492w, https:\/\/colombiailustrada.com\/wp-content\/uploads\/2026\/09\/En-Tierra-documental-colombiano-240x300.jpg 240w\" sizes=\"(max-width: 492px) 100vw, 492px\" \/><\/p>\n<p><strong>La pel\u00edcula se adentra en la remota Amazonia colombiana para contar la historia de El Tigre, un avi\u00f3n DC-3 que sobrevuela la regi\u00f3n<\/strong> y que hace parte de una tradici\u00f3n aeron\u00e1utica que se ha mantenido durante d\u00e9cadas. La producci\u00f3n tambi\u00e9n explora la permanencia de estas aeronaves hist\u00f3ricas, de las cuales actualmente quedan cerca de 25 en el mundo.<\/p>\n<p><strong><em>Tres cortometrajes con participaci\u00f3n colombiana<\/em><\/strong><\/p>\n<p>La presencia de Colombia tambi\u00e9n se destaca en la competencia de Cortometrajes, <strong>con tres producciones que abordan temas como el duelo, la violencia, la memoria y las relaciones familiares<\/strong>.<\/p>\n<p><img decoding=\"async\" class=\"aligncenter size-full wp-image-347\" src=\"https:\/\/colombiailustrada.com\/wp-content\/uploads\/2026\/09\/Chulquin-cortometraje-colombiano.jpg\" alt=\"\" width=\"462\" height=\"596\" srcset=\"https:\/\/colombiailustrada.com\/wp-content\/uploads\/2026\/09\/Chulquin-cortometraje-colombiano.jpg 462w, https:\/\/colombiailustrada.com\/wp-content\/uploads\/2026\/09\/Chulquin-cortometraje-colombiano-233x300.jpg 233w\" sizes=\"(max-width: 462px) 100vw, 462px\" \/><\/p>\n<p>Uno de los t\u00edtulos seleccionados es <strong><em>Chulqu\u00edn<\/em><\/strong>, escrito y <strong>dirigido por Laura P\u00e9rez Rivera<\/strong>. La historia sigue a Julia, una joven que, un a\u00f1o despu\u00e9s de la muerte de su madre, permanece sumida en el silencio y el aislamiento.<\/p>\n<p>Despu\u00e9s de una confrontaci\u00f3n con su hermana, Julia emprende una huida por la ciudad que la conduce hasta un mercado, escenario en el que un recuerdo \u00edntimo vuelve a aparecer y transforma su recorrido.<\/p>\n<p><img loading=\"lazy\" decoding=\"async\" class=\"aligncenter size-full wp-image-348\" src=\"https:\/\/colombiailustrada.com\/wp-content\/uploads\/2026\/09\/Peloton-Trueno-cortometraje-colombiano.jpg\" alt=\"\" width=\"415\" height=\"519\" srcset=\"https:\/\/colombiailustrada.com\/wp-content\/uploads\/2026\/09\/Peloton-Trueno-cortometraje-colombiano.jpg 415w, https:\/\/colombiailustrada.com\/wp-content\/uploads\/2026\/09\/Peloton-Trueno-cortometraje-colombiano-240x300.jpg 240w\" sizes=\"(max-width: 415px) 100vw, 415px\" \/><\/p>\n<p>Tambi\u00e9n estar\u00e1 en competencia <em><strong>Pelot\u00f3n Trueno<\/strong><\/em>, una coproducci\u00f3n entre Colombia y Francia <strong>escrita y dirigida por Theo Montoya<\/strong>. Ambientado a comienzos de los a\u00f1os 2000, el cortometraje presenta al comandante Montoya, quien re\u00fane a sus tropas para celebrar su ascenso al grado de General.<\/p>\n<p>Lo que comienza como una celebraci\u00f3n cambia inesperadamente cuando una tormenta interrumpe la noche y altera el rumbo de los acontecimientos.<\/p>\n<p><img loading=\"lazy\" decoding=\"async\" class=\"aligncenter wp-image-349\" src=\"https:\/\/colombiailustrada.com\/wp-content\/uploads\/2026\/09\/Atta-en-el-cielo-cortometraje-colombiano.jpg\" alt=\"\" width=\"530\" height=\"592\" srcset=\"https:\/\/colombiailustrada.com\/wp-content\/uploads\/2026\/09\/Atta-en-el-cielo-cortometraje-colombiano.jpg 674w, https:\/\/colombiailustrada.com\/wp-content\/uploads\/2026\/09\/Atta-en-el-cielo-cortometraje-colombiano-269x300.jpg 269w\" sizes=\"(max-width: 530px) 100vw, 530px\" \/><\/p>\n<p>La participaci\u00f3n colombiana se completa con <em><strong>All\u00e1 en el cielo<\/strong><\/em>, coproducci\u00f3n de Per\u00fa, Colombia, Espa\u00f1a y M\u00e9xico, <strong>escrita y dirigida por Roddy Dextre<\/strong>.<\/p>\n<p>La pel\u00edcula sigue a Chito, un ni\u00f1o de 11 a\u00f1os que vive en las periferias de Lima y observa las palomas mensajeras que su hermano utiliza en actividades relacionadas con el narcotr\u00e1fico. La violencia irrumpe en su infancia y lo enfrenta al duelo, mientras aparece la posibilidad de encontrar un camino diferente.<\/p>\n<p><strong><em>Colombia muestra la diversidad de su cine<\/em><\/strong><\/p>\n<p>La participaci\u00f3n de estas cuatro producciones <strong>permitir\u00e1 mostrar en Francia diferentes perspectivas de la cinematograf\u00eda colombiana y latinoamericana<\/strong>, con historias relacionadas con la memoria, la violencia, los territorios, el duelo y las experiencias personales.<\/p>\n<p>El <strong>Festival de Biarritz Am\u00e9rique Latine<\/strong>, en su edici\u00f3n n\u00famero 35, se realizar\u00e1 en Francia entre el 26 de septiembre y el 2 de octubre, con una programaci\u00f3n dedicada a visibilizar la diversidad y riqueza de las cinematograf\u00edas latinoamericanas.<\/p>\n<p>La presencia de <strong><em>En tierra, Chulqu\u00edn, Pelot\u00f3n Trueno<\/em><\/strong> y <strong><em>All\u00e1 en el cielo<\/em><\/strong> confirma adem\u00e1s la participaci\u00f3n de realizadores y productores colombianos en escenarios internacionales de promoci\u00f3n y circulaci\u00f3n cinematogr\u00e1fica.<\/p>\n","protected":false},"excerpt":{"rendered":"<p>El cine colombiano tendr\u00e1 presencia en las categor\u00edas de documentales y cortometrajes del Festival de Biarritz Am\u00e9rique Latine. Colombia tendr\u00e1 una destacada representaci\u00f3n en la edici\u00f3n 35 del Festival de Biarritz Am\u00e9rique Latine, uno de los principales escenarios para la promoci\u00f3n del cine y la cultura latinoamericana en Francia. Cuatro producciones con participaci\u00f3n colombiana fueron [&hellip;]<\/p>\n","protected":false},"author":1,"featured_media":346,"comment_status":"closed","ping_status":"open","sticky":false,"template":"","format":"standard","meta":{"_uag_custom_page_level_css":"","footnotes":""},"categories":[30],"tags":[],"class_list":["post-345","post","type-post","status-publish","format-standard","has-post-thumbnail","hentry","category-cultura"],"uagb_featured_image_src":{"full":["https:\/\/colombiailustrada.com\/wp-content\/uploads\/2026\/09\/Festival-de-Biarritz-Amerique-Latine.jpg",478,475,false],"thumbnail":["https:\/\/colombiailustrada.com\/wp-content\/uploads\/2026\/09\/Festival-de-Biarritz-Amerique-Latine-150x150.jpg",150,150,true],"medium":["https:\/\/colombiailustrada.com\/wp-content\/uploads\/2026\/09\/Festival-de-Biarritz-Amerique-Latine-300x298.jpg",300,298,true],"medium_large":["https:\/\/colombiailustrada.com\/wp-content\/uploads\/2026\/09\/Festival-de-Biarritz-Amerique-Latine.jpg",478,475,false],"large":["https:\/\/colombiailustrada.com\/wp-content\/uploads\/2026\/09\/Festival-de-Biarritz-Amerique-Latine.jpg",478,475,false],"1536x1536":["https:\/\/colombiailustrada.com\/wp-content\/uploads\/2026\/09\/Festival-de-Biarritz-Amerique-Latine.jpg",478,475,false],"2048x2048":["https:\/\/colombiailustrada.com\/wp-content\/uploads\/2026\/09\/Festival-de-Biarritz-Amerique-Latine.jpg",478,475,false]},"uagb_author_info":{"display_name":"ZUMAPAZ","author_link":"https:\/\/colombiailustrada.com\/?author=1"},"uagb_comment_info":0,"uagb_excerpt":"El cine colombiano tendr\u00e1 presencia en las categor\u00edas de documentales y cortometrajes del Festival de Biarritz Am\u00e9rique Latine. Colombia tendr\u00e1 una destacada representaci\u00f3n en la edici\u00f3n 35 del Festival de Biarritz Am\u00e9rique Latine, uno de los principales escenarios para la promoci\u00f3n del cine y la cultura latinoamericana en Francia. Cuatro producciones con participaci\u00f3n colombiana fueron&hellip;","_links":{"self":[{"href":"https:\/\/colombiailustrada.com\/index.php?rest_route=\/wp\/v2\/posts\/345","targetHints":{"allow":["GET"]}}],"collection":[{"href":"https:\/\/colombiailustrada.com\/index.php?rest_route=\/wp\/v2\/posts"}],"about":[{"href":"https:\/\/colombiailustrada.com\/index.php?rest_route=\/wp\/v2\/types\/post"}],"author":[{"embeddable":true,"href":"https:\/\/colombiailustrada.com\/index.php?rest_route=\/wp\/v2\/users\/1"}],"replies":[{"embeddable":true,"href":"https:\/\/colombiailustrada.com\/index.php?rest_route=%2Fwp%2Fv2%2Fcomments&post=345"}],"version-history":[{"count":3,"href":"https:\/\/colombiailustrada.com\/index.php?rest_route=\/wp\/v2\/posts\/345\/revisions"}],"predecessor-version":[{"id":351,"href":"https:\/\/colombiailustrada.com\/index.php?rest_route=\/wp\/v2\/posts\/345\/revisions\/351"}],"wp:featuredmedia":[{"embeddable":true,"href":"https:\/\/colombiailustrada.com\/index.php?rest_route=\/wp\/v2\/media\/346"}],"wp:attachment":[{"href":"https:\/\/colombiailustrada.com\/index.php?rest_route=%2Fwp%2Fv2%2Fmedia&parent=345"}],"wp:term":[{"taxonomy":"category","embeddable":true,"href":"https:\/\/colombiailustrada.com\/index.php?rest_route=%2Fwp%2Fv2%2Fcategories&post=345"},{"taxonomy":"post_tag","embeddable":true,"href":"https:\/\/colombiailustrada.com\/index.php?rest_route=%2Fwp%2Fv2%2Ftags&post=345"}],"curies":[{"name":"wp","href":"https:\/\/api.w.org\/{rel}","templated":true}]}}